{"id":3600,"date":"2022-09-14T16:57:27","date_gmt":"2022-09-14T16:57:27","guid":{"rendered":"http:\/\/waldkindergarten-oettingen.de\/wakiga_wp\/?p=3600"},"modified":"2026-08-18T21:40:12","modified_gmt":"2026-08-18T21:40:12","slug":"wieder-mal-auf-tour","status":"publish","type":"post","link":"https:\/\/waldkindergarten-oettingen.de\/wakiga_wp\/wieder-mal-auf-tour\/","title":{"rendered":"Wieder mal auf Tour&#8230;"},"content":{"rendered":"<p>&#8230;sind die Waldkinder nach ihren Sommerferien bei ihrer ersten gr\u00f6\u00dferen Wanderung. Durch den Wald geht es auf Schleichwegen zum &#8222;Monte Abfallino&#8220; (ehemals Bauschuttdeponie). Unterwegs treffen wir die Sch\u00e4ferin mit ihrer Herde und wir finden neben M\u00fcll auch tats\u00e4chlich allerhand &#8222;Sch\u00e4tze&#8220;, wie L\u00f6ffel, Messer, Fahrradteile, Dinoknochen. \ud83d\ude42 Einen tollen Kletterbaum entdecken die Kinder auch noch\u00a0 &#8211; der wird nat\u00fcrlich gleich ausprobiert!<\/p>\n<p>&nbsp;<\/p>\n","protected":false},"excerpt":{"rendered":"<p>&#8230;sind die Waldkinder nach ihren Sommerferien bei ihrer ersten gr\u00f6\u00dferen Wanderung. Durch den Wald geht es auf Schleichwegen zum &#8222;Monte Abfallino&#8220; (ehemals Bauschuttdeponie). Unterwegs treffen wir die Sch\u00e4ferin mit ihrer Herde und wir finden neben M\u00fcll auch tats\u00e4chlich allerhand &#8222;Sch\u00e4tze&#8220;, wie L\u00f6ffel, Messer, Fahrradteile, Dinoknochen. \ud83d\ude42 Einen tollen Kletterbaum entdecken die Kinder auch noch\u00a0 &#8211; &hellip; <\/p>\n<p class=\"link-more\"><a href=\"https:\/\/waldkindergarten-oettingen.de\/wakiga_wp\/wieder-mal-auf-tour\/\" class=\"more-link\"><span class=\"screen-reader-text\">\u201eWieder mal auf Tour&#8230;\u201c<\/span> weiterlesen<\/a><\/p>\n","protected":false},"author":1,"featured_media":0,"comment_status":"closed","ping_status":"closed","sticky":false,"template":"","format":"standard","meta":{"_jetpack_memberships_contains_paid_content":false,"footnotes":""},"categories":[1],"tags":[],"class_list":["post-3600","post","type-post","status-publish","format-standard","hentry","category-allgemein"],"jetpack_featured_media_url":"","jetpack_sharing_enabled":true,"_links":{"self":[{"href":"https:\/\/waldkindergarten-oettingen.de\/wakiga_wp\/wp-json\/wp\/v2\/posts\/3600","targetHints":{"allow":["GET"]}}],"collection":[{"href":"https:\/\/waldkindergarten-oettingen.de\/wakiga_wp\/wp-json\/wp\/v2\/posts"}],"about":[{"href":"https:\/\/waldkindergarten-oettingen.de\/wakiga_wp\/wp-json\/wp\/v2\/types\/post"}],"author":[{"embeddable":true,"href":"https:\/\/waldkindergarten-oettingen.de\/wakiga_wp\/wp-json\/wp\/v2\/users\/1"}],"replies":[{"embeddable":true,"href":"https:\/\/waldkindergarten-oettingen.de\/wakiga_wp\/wp-json\/wp\/v2\/comments?post=3600"}],"version-history":[{"count":9,"href":"https:\/\/waldkindergarten-oettingen.de\/wakiga_wp\/wp-json\/wp\/v2\/posts\/3600\/revisions"}],"predecessor-version":[{"id":4174,"href":"https:\/\/waldkindergarten-oettingen.de\/wakiga_wp\/wp-json\/wp\/v2\/posts\/3600\/revisions\/4174"}],"wp:attachment":[{"href":"https:\/\/waldkindergarten-oettingen.de\/wakiga_wp\/wp-json\/wp\/v2\/media?parent=3600"}],"wp:term":[{"taxonomy":"category","embeddable":true,"href":"https:\/\/waldkindergarten-oettingen.de\/wakiga_wp\/wp-json\/wp\/v2\/categories?post=3600"},{"taxonomy":"post_tag","embeddable":true,"href":"https:\/\/waldkindergarten-oettingen.de\/wakiga_wp\/wp-json\/wp\/v2\/tags?post=3600"}],"curies":[{"name":"wp","href":"https:\/\/api.w.org\/{rel}","templated":true}]}}