{"id":3572,"date":"2022-08-16T07:32:38","date_gmt":"2022-08-16T07:32:38","guid":{"rendered":"http:\/\/waldkindergarten-oettingen.de\/wakiga_wp\/?p=3572"},"modified":"2026-08-18T21:40:56","modified_gmt":"2026-08-18T21:40:56","slug":"auf-wiedersehen","status":"publish","type":"post","link":"https:\/\/waldkindergarten-oettingen.de\/wakiga_wp\/auf-wiedersehen\/","title":{"rendered":"&#8222;Auf Wiedersehen&#8230;."},"content":{"rendered":"<p>..die Zeit mit euch war wundersch\u00f6n&#8230;.<\/p>\n<p>&#8230;Es l\u00e4uft ne Riesenparty<\/p>\n<p>denn die Elche zieh\u00b4n von dann<\/p>\n<p>die Familien sind gekommen<\/p>\n<p>rollen auf dem Rossfeld an<\/p>\n<p>&nbsp;<\/p>\n<p>Es wurde heut fest gewandert<\/p>\n<p>wir hatten es schon lang ge\u00fcbt<\/p>\n<p>wir wollen singen, tanzen, lachen und feiern heut! &#8220;<\/p>\n<p>&nbsp;<\/p>\n<p>&#8230;.hei\u00dft es in dem Lied der Eltern der Vorschulkinder beim Abschlussfest ihrer &#8222;Elche&#8220; und genau so war es auch .. ein buntes, stimmungsvolles Fest f\u00fcr unsere Elche und alle G\u00e4ste mit sch\u00f6nen Momenten und vielen \u00dcberraschungen!<\/p>\n<p>Wir w\u00fcnschen den Vorschulkindern nun ganz tolle Ferien und einen sch\u00f6nen Start in der Schule!!!<\/p>\n<p>Wir freuen uns auf ein Wiederseh\u00b4n in der Waldgruppe \ud83d\ude42<\/p>\n","protected":false},"excerpt":{"rendered":"<p>..die Zeit mit euch war wundersch\u00f6n&#8230;. &#8230;Es l\u00e4uft ne Riesenparty denn die Elche zieh\u00b4n von dann die Familien sind gekommen rollen auf dem Rossfeld an &nbsp; Es wurde heut fest gewandert wir hatten es schon lang ge\u00fcbt wir wollen singen, tanzen, lachen und feiern heut! &#8220; &nbsp; &#8230;.hei\u00dft es in dem Lied der Eltern der &hellip; <\/p>\n<p class=\"link-more\"><a href=\"https:\/\/waldkindergarten-oettingen.de\/wakiga_wp\/auf-wiedersehen\/\" class=\"more-link\"><span class=\"screen-reader-text\">\u201e&#8222;Auf Wiedersehen&#8230;.\u201c<\/span> weiterlesen<\/a><\/p>\n","protected":false},"author":1,"featured_media":3573,"comment_status":"closed","ping_status":"closed","sticky":false,"template":"","format":"standard","meta":{"_jetpack_memberships_contains_paid_content":false,"footnotes":""},"categories":[1],"tags":[],"class_list":["post-3572","post","type-post","status-publish","format-standard","has-post-thumbnail","hentry","category-allgemein"],"jetpack_featured_media_url":"https:\/\/i0.wp.com\/waldkindergarten-oettingen.de\/wakiga_wp\/wp-content\/uploads\/2022\/08\/IMG_24732.jpg?fit=5184%2C2150&ssl=1","jetpack_sharing_enabled":true,"_links":{"self":[{"href":"https:\/\/waldkindergarten-oettingen.de\/wakiga_wp\/wp-json\/wp\/v2\/posts\/3572","targetHints":{"allow":["GET"]}}],"collection":[{"href":"https:\/\/waldkindergarten-oettingen.de\/wakiga_wp\/wp-json\/wp\/v2\/posts"}],"about":[{"href":"https:\/\/waldkindergarten-oettingen.de\/wakiga_wp\/wp-json\/wp\/v2\/types\/post"}],"author":[{"embeddable":true,"href":"https:\/\/waldkindergarten-oettingen.de\/wakiga_wp\/wp-json\/wp\/v2\/users\/1"}],"replies":[{"embeddable":true,"href":"https:\/\/waldkindergarten-oettingen.de\/wakiga_wp\/wp-json\/wp\/v2\/comments?post=3572"}],"version-history":[{"count":5,"href":"https:\/\/waldkindergarten-oettingen.de\/wakiga_wp\/wp-json\/wp\/v2\/posts\/3572\/revisions"}],"predecessor-version":[{"id":4175,"href":"https:\/\/waldkindergarten-oettingen.de\/wakiga_wp\/wp-json\/wp\/v2\/posts\/3572\/revisions\/4175"}],"wp:featuredmedia":[{"embeddable":true,"href":"https:\/\/waldkindergarten-oettingen.de\/wakiga_wp\/wp-json\/wp\/v2\/media\/3573"}],"wp:attachment":[{"href":"https:\/\/waldkindergarten-oettingen.de\/wakiga_wp\/wp-json\/wp\/v2\/media?parent=3572"}],"wp:term":[{"taxonomy":"category","embeddable":true,"href":"https:\/\/waldkindergarten-oettingen.de\/wakiga_wp\/wp-json\/wp\/v2\/categories?post=3572"},{"taxonomy":"post_tag","embeddable":true,"href":"https:\/\/waldkindergarten-oettingen.de\/wakiga_wp\/wp-json\/wp\/v2\/tags?post=3572"}],"curies":[{"name":"wp","href":"https:\/\/api.w.org\/{rel}","templated":true}]}}