{"id":3506,"date":"2022-05-18T07:14:17","date_gmt":"2022-05-18T07:14:17","guid":{"rendered":"http:\/\/waldkindergarten-oettingen.de\/wakiga_wp\/?p=3506"},"modified":"2026-08-18T21:43:19","modified_gmt":"2026-08-18T21:43:19","slug":"schoen-wars","status":"publish","type":"post","link":"https:\/\/waldkindergarten-oettingen.de\/wakiga_wp\/schoen-wars\/","title":{"rendered":"Sch\u00f6n war\u00b4s &#8230;"},"content":{"rendered":"<h2>&#8230;unser Fr\u00fchlingsfest im Wald!!!<\/h2>\n<p>&nbsp;<\/p>\n<p>Bei herrlichstem Fr\u00fchlingswetter genossen alle Waldkinder und ihre G\u00e4ste ein wirklich sch\u00f6nes Fest! Es wurde getanzt, gesungen, ger\u00e4tselt, geklettert, gewerkelt, gemalt und gespielt. Zwischendurch gab`s leckeren Kuchen oder eine Kr\u00e4uterlimonade &#8230; was will man mehr \ud83d\ude42 !<\/p>\n<p>&nbsp;<\/p>\n","protected":false},"excerpt":{"rendered":"<p>&#8230;unser Fr\u00fchlingsfest im Wald!!! &nbsp; Bei herrlichstem Fr\u00fchlingswetter genossen alle Waldkinder und ihre G\u00e4ste ein wirklich sch\u00f6nes Fest! Es wurde getanzt, gesungen, ger\u00e4tselt, geklettert, gewerkelt, gemalt und gespielt. Zwischendurch gab`s leckeren Kuchen oder eine Kr\u00e4uterlimonade &#8230; was will man mehr \ud83d\ude42 ! &nbsp;<\/p>\n","protected":false},"author":1,"featured_media":0,"comment_status":"closed","ping_status":"closed","sticky":false,"template":"","format":"standard","meta":{"_jetpack_memberships_contains_paid_content":false,"footnotes":""},"categories":[1],"tags":[],"class_list":["post-3506","post","type-post","status-publish","format-standard","hentry","category-allgemein"],"jetpack_featured_media_url":"","jetpack_sharing_enabled":true,"_links":{"self":[{"href":"https:\/\/waldkindergarten-oettingen.de\/wakiga_wp\/wp-json\/wp\/v2\/posts\/3506","targetHints":{"allow":["GET"]}}],"collection":[{"href":"https:\/\/waldkindergarten-oettingen.de\/wakiga_wp\/wp-json\/wp\/v2\/posts"}],"about":[{"href":"https:\/\/waldkindergarten-oettingen.de\/wakiga_wp\/wp-json\/wp\/v2\/types\/post"}],"author":[{"embeddable":true,"href":"https:\/\/waldkindergarten-oettingen.de\/wakiga_wp\/wp-json\/wp\/v2\/users\/1"}],"replies":[{"embeddable":true,"href":"https:\/\/waldkindergarten-oettingen.de\/wakiga_wp\/wp-json\/wp\/v2\/comments?post=3506"}],"version-history":[{"count":14,"href":"https:\/\/waldkindergarten-oettingen.de\/wakiga_wp\/wp-json\/wp\/v2\/posts\/3506\/revisions"}],"predecessor-version":[{"id":4176,"href":"https:\/\/waldkindergarten-oettingen.de\/wakiga_wp\/wp-json\/wp\/v2\/posts\/3506\/revisions\/4176"}],"wp:attachment":[{"href":"https:\/\/waldkindergarten-oettingen.de\/wakiga_wp\/wp-json\/wp\/v2\/media?parent=3506"}],"wp:term":[{"taxonomy":"category","embeddable":true,"href":"https:\/\/waldkindergarten-oettingen.de\/wakiga_wp\/wp-json\/wp\/v2\/categories?post=3506"},{"taxonomy":"post_tag","embeddable":true,"href":"https:\/\/waldkindergarten-oettingen.de\/wakiga_wp\/wp-json\/wp\/v2\/tags?post=3506"}],"curies":[{"name":"wp","href":"https:\/\/api.w.org\/{rel}","templated":true}]}}