{"id":3364,"date":"2021-12-09T09:25:55","date_gmt":"2021-12-09T09:25:55","guid":{"rendered":"http:\/\/waldkindergarten-oettingen.de\/wakiga_wp\/?p=3364"},"modified":"2026-08-18T21:46:24","modified_gmt":"2026-08-18T21:46:24","slug":"von-drauss-vom-walde-komm-ich-her","status":"publish","type":"post","link":"https:\/\/waldkindergarten-oettingen.de\/wakiga_wp\/von-drauss-vom-walde-komm-ich-her\/","title":{"rendered":"&#8222;Von drau\u00df vom Walde komm\u00b4 ich her&#8230;."},"content":{"rendered":"<p><img data-recalc-dims=\"1\" loading=\"lazy\" decoding=\"async\" class=\"alignleft size-medium wp-image-3365\" src=\"https:\/\/i0.wp.com\/waldkindergarten-oettingen.de\/wakiga_wp\/wp-content\/uploads\/2021\/12\/e4ff23b0-9760-4491-832f-059607322e98.jpg?resize=180%2C300&#038;ssl=1\" alt=\"\" width=\"180\" height=\"300\" srcset=\"https:\/\/i0.wp.com\/waldkindergarten-oettingen.de\/wakiga_wp\/wp-content\/uploads\/2021\/12\/e4ff23b0-9760-4491-832f-059607322e98.jpg?resize=180%2C300&amp;ssl=1 180w, https:\/\/i0.wp.com\/waldkindergarten-oettingen.de\/wakiga_wp\/wp-content\/uploads\/2021\/12\/e4ff23b0-9760-4491-832f-059607322e98.jpg?resize=768%2C1280&amp;ssl=1 768w, https:\/\/i0.wp.com\/waldkindergarten-oettingen.de\/wakiga_wp\/wp-content\/uploads\/2021\/12\/e4ff23b0-9760-4491-832f-059607322e98.jpg?resize=614%2C1024&amp;ssl=1 614w, https:\/\/i0.wp.com\/waldkindergarten-oettingen.de\/wakiga_wp\/wp-content\/uploads\/2021\/12\/e4ff23b0-9760-4491-832f-059607322e98.jpg?resize=330%2C550&amp;ssl=1 330w, https:\/\/i0.wp.com\/waldkindergarten-oettingen.de\/wakiga_wp\/wp-content\/uploads\/2021\/12\/e4ff23b0-9760-4491-832f-059607322e98.jpg?w=960&amp;ssl=1 960w\" sizes=\"auto, (max-width: 180px) 100vw, 180px\" \/><\/p>\n<p>&nbsp;<\/p>\n<blockquote><p>&#8230; ich muss euch sagen, es weihnachtet sehr!&#8230;.&#8220;<\/p><\/blockquote>\n<p>Das war vielleicht eine \u00dcberraschung, als da durch den Wald der Nikolaus zu den Waldkindern\u00a0 wanderte. Er hatte viel Lob und nat\u00fcrlich auch Geschenke f\u00fcr Gro\u00df und Klein dabei und freute sich \u00fcber das vorgetragene Lied der Waldkinder sehr: &#8222;Lustig, lustig, trallalala, heut ist Nikolausabend da&#8230;!&#8220; \ud83d\ude42<\/p>\n<p>&nbsp;<\/p>\n<p>&nbsp;<\/p>\n<p>&nbsp;<\/p>\n","protected":false},"excerpt":{"rendered":"<p>&nbsp; &#8230; ich muss euch sagen, es weihnachtet sehr!&#8230;.&#8220; Das war vielleicht eine \u00dcberraschung, als da durch den Wald der Nikolaus zu den Waldkindern\u00a0 wanderte. Er hatte viel Lob und nat\u00fcrlich auch Geschenke f\u00fcr Gro\u00df und Klein dabei und freute sich \u00fcber das vorgetragene Lied der Waldkinder sehr: &#8222;Lustig, lustig, trallalala, heut ist Nikolausabend da&#8230;!&#8220; &hellip; <\/p>\n<p class=\"link-more\"><a href=\"https:\/\/waldkindergarten-oettingen.de\/wakiga_wp\/von-drauss-vom-walde-komm-ich-her\/\" class=\"more-link\"><span class=\"screen-reader-text\">\u201e&#8222;Von drau\u00df vom Walde komm\u00b4 ich her&#8230;.\u201c<\/span> weiterlesen<\/a><\/p>\n","protected":false},"author":1,"featured_media":0,"comment_status":"closed","ping_status":"closed","sticky":false,"template":"","format":"standard","meta":{"_jetpack_memberships_contains_paid_content":false,"footnotes":""},"categories":[1],"tags":[],"class_list":["post-3364","post","type-post","status-publish","format-standard","hentry","category-allgemein"],"jetpack_featured_media_url":"","jetpack_sharing_enabled":true,"_links":{"self":[{"href":"https:\/\/waldkindergarten-oettingen.de\/wakiga_wp\/wp-json\/wp\/v2\/posts\/3364","targetHints":{"allow":["GET"]}}],"collection":[{"href":"https:\/\/waldkindergarten-oettingen.de\/wakiga_wp\/wp-json\/wp\/v2\/posts"}],"about":[{"href":"https:\/\/waldkindergarten-oettingen.de\/wakiga_wp\/wp-json\/wp\/v2\/types\/post"}],"author":[{"embeddable":true,"href":"https:\/\/waldkindergarten-oettingen.de\/wakiga_wp\/wp-json\/wp\/v2\/users\/1"}],"replies":[{"embeddable":true,"href":"https:\/\/waldkindergarten-oettingen.de\/wakiga_wp\/wp-json\/wp\/v2\/comments?post=3364"}],"version-history":[{"count":14,"href":"https:\/\/waldkindergarten-oettingen.de\/wakiga_wp\/wp-json\/wp\/v2\/posts\/3364\/revisions"}],"predecessor-version":[{"id":3381,"href":"https:\/\/waldkindergarten-oettingen.de\/wakiga_wp\/wp-json\/wp\/v2\/posts\/3364\/revisions\/3381"}],"wp:attachment":[{"href":"https:\/\/waldkindergarten-oettingen.de\/wakiga_wp\/wp-json\/wp\/v2\/media?parent=3364"}],"wp:term":[{"taxonomy":"category","embeddable":true,"href":"https:\/\/waldkindergarten-oettingen.de\/wakiga_wp\/wp-json\/wp\/v2\/categories?post=3364"},{"taxonomy":"post_tag","embeddable":true,"href":"https:\/\/waldkindergarten-oettingen.de\/wakiga_wp\/wp-json\/wp\/v2\/tags?post=3364"}],"curies":[{"name":"wp","href":"https:\/\/api.w.org\/{rel}","templated":true}]}}