{"id":3267,"date":"2021-06-20T17:32:19","date_gmt":"2021-06-20T17:32:19","guid":{"rendered":"http:\/\/waldkindergarten-oettingen.de\/wakiga_wp\/?p=3267"},"modified":"2026-08-18T21:48:37","modified_gmt":"2026-08-18T21:48:37","slug":"wir-machen-mit-bei-der-knaxiade","status":"publish","type":"post","link":"https:\/\/waldkindergarten-oettingen.de\/wakiga_wp\/wir-machen-mit-bei-der-knaxiade\/","title":{"rendered":"Wir machen mit bei der  KNAXIADE\u2026."},"content":{"rendered":"<p>&#8230;und &#8222;sporteln&#8220; daf\u00fcr schon seit vielen Wochen mit Seilen, Schwungtuch, B\u00e4llen und sogar auch mal mit Ostereiern \ud83d\ude42 Zwischendurch gibt es dann auch mal ein bisschen Yoga. Die gro\u00dfen und die kleinen Waldkinder sind mit vollem Eifer dabei und geben Alle ihr Bestes!!! Ob es wohl wieder f\u00fcr jedes Kind eine sch\u00f6ne Medaille und eine Urkunde gibt? Wir lassen uns mal \u00fcberraschen \ud83d\ude42<\/p>\n","protected":false},"excerpt":{"rendered":"<p>&#8230;und &#8222;sporteln&#8220; daf\u00fcr schon seit vielen Wochen mit Seilen, Schwungtuch, B\u00e4llen und sogar auch mal mit Ostereiern \ud83d\ude42 Zwischendurch gibt es dann auch mal ein bisschen Yoga. Die gro\u00dfen und die kleinen Waldkinder sind mit vollem Eifer dabei und geben Alle ihr Bestes!!! Ob es wohl wieder f\u00fcr jedes Kind eine sch\u00f6ne Medaille und eine &hellip; <\/p>\n<p class=\"link-more\"><a href=\"https:\/\/waldkindergarten-oettingen.de\/wakiga_wp\/wir-machen-mit-bei-der-knaxiade\/\" class=\"more-link\"><span class=\"screen-reader-text\">\u201eWir machen mit bei der  KNAXIADE\u2026.\u201c<\/span> weiterlesen<\/a><\/p>\n","protected":false},"author":1,"featured_media":0,"comment_status":"closed","ping_status":"closed","sticky":false,"template":"","format":"standard","meta":{"_jetpack_memberships_contains_paid_content":false,"footnotes":""},"categories":[1],"tags":[],"class_list":["post-3267","post","type-post","status-publish","format-standard","hentry","category-allgemein"],"jetpack_featured_media_url":"","jetpack_sharing_enabled":true,"_links":{"self":[{"href":"https:\/\/waldkindergarten-oettingen.de\/wakiga_wp\/wp-json\/wp\/v2\/posts\/3267","targetHints":{"allow":["GET"]}}],"collection":[{"href":"https:\/\/waldkindergarten-oettingen.de\/wakiga_wp\/wp-json\/wp\/v2\/posts"}],"about":[{"href":"https:\/\/waldkindergarten-oettingen.de\/wakiga_wp\/wp-json\/wp\/v2\/types\/post"}],"author":[{"embeddable":true,"href":"https:\/\/waldkindergarten-oettingen.de\/wakiga_wp\/wp-json\/wp\/v2\/users\/1"}],"replies":[{"embeddable":true,"href":"https:\/\/waldkindergarten-oettingen.de\/wakiga_wp\/wp-json\/wp\/v2\/comments?post=3267"}],"version-history":[{"count":4,"href":"https:\/\/waldkindergarten-oettingen.de\/wakiga_wp\/wp-json\/wp\/v2\/posts\/3267\/revisions"}],"predecessor-version":[{"id":3274,"href":"https:\/\/waldkindergarten-oettingen.de\/wakiga_wp\/wp-json\/wp\/v2\/posts\/3267\/revisions\/3274"}],"wp:attachment":[{"href":"https:\/\/waldkindergarten-oettingen.de\/wakiga_wp\/wp-json\/wp\/v2\/media?parent=3267"}],"wp:term":[{"taxonomy":"category","embeddable":true,"href":"https:\/\/waldkindergarten-oettingen.de\/wakiga_wp\/wp-json\/wp\/v2\/categories?post=3267"},{"taxonomy":"post_tag","embeddable":true,"href":"https:\/\/waldkindergarten-oettingen.de\/wakiga_wp\/wp-json\/wp\/v2\/tags?post=3267"}],"curies":[{"name":"wp","href":"https:\/\/api.w.org\/{rel}","templated":true}]}}